{"id":54639,"date":"2021-12-22T09:54:48","date_gmt":"2021-12-22T08:54:48","guid":{"rendered":"https:\/\/www.jesusnazareno.com\/425\/?p=54639"},"modified":"2025-12-02T13:44:34","modified_gmt":"2025-12-02T12:44:34","slug":"cultos-en-honor-a-san-juan-evangelista-2","status":"publish","type":"post","link":"https:\/\/www.jesusnazareno.com\/425\/cultos-en-honor-a-san-juan-evangelista-2\/","title":{"rendered":"Cultos en honor a San Juan Evangelista"},"content":{"rendered":"<div class=\"et_pb_section_0 et_pb_section et_section_regular et_block_section\"><div class=\"et_pb_row_0 et_pb_row et_pb_gutters3 et_block_row\"><div class=\"et_pb_column_0 et_pb_column et_pb_column_4_4 et-last-child et_block_column et_pb_css_mix_blend_mode_passthrough\"><div class=\"et_pb_text_0 et_pb_text et_pb_bg_layout_light et_pb_module et_flex_module\"><div class=\"et_pb_text_inner\"><p>El pr\u00f3ximo lunes\u00a0<strong>27 de diciembre<\/strong>, tal y como indican nuestros Estatutos, la Cofrad\u00eda y Hermandad celebra los cultos en honor a nuestro cotitular San Juan Evangelista, coincidiendo con el d\u00eda de su onom\u00e1stica.<\/p>\n<p>Por lo que se va a celebrar <strong>\u00abSanta Misa\u00bb en la Capilla de nuestros Titulares a las 19.00 h<\/strong>, presidida por nuestro consiliario <strong>D. \u00c1ngel Cristo Arroyo Castro<\/strong>, acompa\u00f1ada por <strong>la Escolan\u00eda de voces blancas de la Parroquia de la Asunci\u00f1\u00f3n.<\/strong><\/p>\n<\/div><\/div><\/div><\/div><div class=\"et_pb_row_1 et_pb_row et_pb_gutters3 et_block_row\"><div class=\"et_pb_column_1 et_pb_column et_pb_column_4_4 et-last-child et_block_column et_pb_css_mix_blend_mode_passthrough\"><div class=\"et_pb_image_0 et_pb_image et_pb_module et_flex_module\"><span class=\"et_pb_image_wrap\"><img loading=\"lazy\" decoding=\"async\" src=\"https:\/\/www.jesusnazareno.com\/425\/wp-content\/uploads\/2021\/12\/A4175FD0-5B36-4EC8-BE36-DA8739D0C0AF.jpeg\" title=\"A4175FD0-5B36-4EC8-BE36-DA8739D0C0AF\" width=\"1131\" height=\"1600\" srcset=\"https:\/\/www.jesusnazareno.com\/425\/wp-content\/uploads\/2021\/12\/A4175FD0-5B36-4EC8-BE36-DA8739D0C0AF.jpeg 1131w, https:\/\/www.jesusnazareno.com\/425\/wp-content\/uploads\/2021\/12\/A4175FD0-5B36-4EC8-BE36-DA8739D0C0AF-212x300.jpeg 212w, https:\/\/www.jesusnazareno.com\/425\/wp-content\/uploads\/2021\/12\/A4175FD0-5B36-4EC8-BE36-DA8739D0C0AF-724x1024.jpeg 724w, https:\/\/www.jesusnazareno.com\/425\/wp-content\/uploads\/2021\/12\/A4175FD0-5B36-4EC8-BE36-DA8739D0C0AF-768x1086.jpeg 768w, https:\/\/www.jesusnazareno.com\/425\/wp-content\/uploads\/2021\/12\/A4175FD0-5B36-4EC8-BE36-DA8739D0C0AF-1086x1536.jpeg 1086w, https:\/\/www.jesusnazareno.com\/425\/wp-content\/uploads\/2021\/12\/A4175FD0-5B36-4EC8-BE36-DA8739D0C0AF-1080x1528.jpeg 1080w\" sizes=\"(max-width: 1131px) 100vw, 1131px\" class=\"wp-image-54643\" \/><\/span><\/div><\/div><\/div><\/div>","protected":false},"excerpt":{"rendered":"","protected":false},"author":1,"featured_media":0,"comment_status":"open","ping_status":"closed","sticky":false,"template":"","format":"standard","meta":{"footnotes":""},"categories":[60,5,13],"tags":[],"class_list":["post-54639","post","type-post","status-publish","format-standard","hentry","category-cultos","category-general","category-noticias-de-hermandad"],"_links":{"self":[{"href":"https:\/\/www.jesusnazareno.com\/425\/wp-json\/wp\/v2\/posts\/54639","targetHints":{"allow":["GET"]}}],"collection":[{"href":"https:\/\/www.jesusnazareno.com\/425\/wp-json\/wp\/v2\/posts"}],"about":[{"href":"https:\/\/www.jesusnazareno.com\/425\/wp-json\/wp\/v2\/types\/post"}],"author":[{"embeddable":true,"href":"https:\/\/www.jesusnazareno.com\/425\/wp-json\/wp\/v2\/users\/1"}],"replies":[{"embeddable":true,"href":"https:\/\/www.jesusnazareno.com\/425\/wp-json\/wp\/v2\/comments?post=54639"}],"version-history":[{"count":5,"href":"https:\/\/www.jesusnazareno.com\/425\/wp-json\/wp\/v2\/posts\/54639\/revisions"}],"predecessor-version":[{"id":55201,"href":"https:\/\/www.jesusnazareno.com\/425\/wp-json\/wp\/v2\/posts\/54639\/revisions\/55201"}],"wp:attachment":[{"href":"https:\/\/www.jesusnazareno.com\/425\/wp-json\/wp\/v2\/media?parent=54639"}],"wp:term":[{"taxonomy":"category","embeddable":true,"href":"https:\/\/www.jesusnazareno.com\/425\/wp-json\/wp\/v2\/categories?post=54639"},{"taxonomy":"post_tag","embeddable":true,"href":"https:\/\/www.jesusnazareno.com\/425\/wp-json\/wp\/v2\/tags?post=54639"}],"curies":[{"name":"wp","href":"https:\/\/api.w.org\/{rel}","templated":true}]}}