{"id":54647,"date":"2022-02-01T21:06:47","date_gmt":"2022-02-01T20:06:47","guid":{"rendered":"https:\/\/www.jesusnazareno.com\/425\/?p=54647"},"modified":"2025-12-02T13:44:35","modified_gmt":"2025-12-02T12:44:35","slug":"toma-de-posesion-de-la-nueva-junta-de-gobierno-de-nuestra-cofradia-y-hermandad","status":"publish","type":"post","link":"https:\/\/www.jesusnazareno.com\/425\/toma-de-posesion-de-la-nueva-junta-de-gobierno-de-nuestra-cofradia-y-hermandad\/","title":{"rendered":"Toma de posesi\u00f3n de la nueva Junta de Gobierno de nuestra Cofrad\u00eda y Hermandad"},"content":{"rendered":"<div class=\"et_pb_section_0 et_pb_section et_section_regular et_block_section\"><div class=\"et_pb_row_0 et_pb_row et_pb_gutters3 et_block_row\"><div class=\"et_pb_column_0 et_pb_column et_pb_column_4_4 et-last-child et_block_column et_pb_css_mix_blend_mode_passthrough\"><div class=\"et_pb_text_0 et_pb_text et_pb_bg_layout_light et_pb_module et_flex_module\"><div class=\"et_pb_text_inner\"><p><strong>Solemne Misa y Toma de posesi\u00f3n de la nueva Junta de Gobierno nuestra Cofrad\u00eda y Hermandad.<\/strong><\/p>\n<p>El pasado s\u00e1bado 22 se celebraba en la Iglesia Conventual de San Francisco, Solemne Misa y toma de posesi\u00f3n de la nueva Junta de Gobierno de la Pontificia y Real Cofrad\u00eda y Hermandad Sacramental de Ntro. Padre Jes\u00fas Nazareno, Mar\u00eda Stma. de los Dolores Nazarena y San Juan Evangelista de Priego de C\u00f3rdoba. La celebraci\u00f3n estuvo presidida por D. \u00c1ngel Cristo Arroyo Castro, consiliario de nuestra Cofrad\u00eda y Hermandad, ante nuestros Sagrados Titulares, que se encontraban situados en el altar mayor. Al acto asistieron representaciones de todas las cofrad\u00edas y hermandades prieguenses, as\u00ed como autoridades civiles y religiosas.<\/p>\n<p>Nuestra Cofrad\u00eda y Hermandad estar\u00e1 regida los pr\u00f3ximos cuatro a\u00f1os por D. Jos\u00e9 Luis Ruiz Arjona, nuevo Hermano Mayor y una renovada Junta de Gobierno. Los cargos de la nueva Junta de Gobierno son:<\/p>\n<table width=\"529\">\n<tbody>\n<tr>\n<td width=\"198\">Hermano Mayor<\/td>\n<td width=\"331\">Jos\u00e9 Luis Ruiz Arjona<\/td>\n<\/tr>\n<tr>\n<td width=\"198\">Teniente HM<\/td>\n<td width=\"331\">Nicol\u00e1s Jim\u00e9nez Higueras<\/td>\n<\/tr>\n<tr>\n<td width=\"198\">Secretario<\/td>\n<td width=\"331\">Manuel Berm\u00fadez Ruiz<\/td>\n<\/tr>\n<tr>\n<td width=\"198\">ViceSecretario<\/td>\n<td width=\"331\">Antonio Siller Cano<\/td>\n<\/tr>\n<tr>\n<td width=\"198\">Depositario<\/td>\n<td width=\"331\">Antonio Manuel Serrano Molina<\/td>\n<\/tr>\n<tr>\n<td width=\"198\">ViceDepositario<\/td>\n<td width=\"331\">Jos\u00e9 Tom\u00e1s Bergillos \u00c1lvarez<\/td>\n<\/tr>\n<tr>\n<td width=\"198\">Fiscal<\/td>\n<td width=\"331\">Salvador Siles Arjona<\/td>\n<\/tr>\n<tr>\n<td width=\"198\">Archivera<\/td>\n<td width=\"331\">Inmaculada Alcal\u00e1-Zamora Ruiz-Gavil\u00e1n<\/td>\n<\/tr>\n<tr>\n<td width=\"198\">V. Cultos y Evangelizaci\u00f3n<\/td>\n<td width=\"331\">Francisco Jes\u00fas Forcada Campos<\/td>\n<\/tr>\n<tr>\n<td width=\"198\">V. Bandas<\/td>\n<td width=\"331\">Jos\u00e9 Alfonso Jurado Ruiz<\/td>\n<\/tr>\n<tr>\n<td width=\"198\">V. Albaceas-Jefe Costaleros<\/td>\n<td width=\"331\">Jose Antonio Roldan Burgos<\/td>\n<\/tr>\n<tr>\n<td width=\"198\">Mayordomo de Jes\u00fas<\/td>\n<td width=\"331\">Gema Jim\u00e9nez Moyano<\/td>\n<\/tr>\n<tr>\n<td width=\"198\">V. Camareras<\/td>\n<td width=\"331\">Gema Jim\u00e9nez Moyano<\/td>\n<\/tr>\n<tr>\n<td width=\"198\">V. de Caridad<\/td>\n<td width=\"331\">In\u00e9s Mar\u00eda Aguilera Ordo\u00f1ez<\/td>\n<\/tr>\n<tr>\n<td width=\"198\">V. Estaci\u00f3n Penitencia<\/td>\n<td width=\"331\">Francisco Javier Rodr\u00edguez Gonz\u00e1lez<\/td>\n<\/tr>\n<tr>\n<td width=\"198\">V. Protocolo<\/td>\n<td width=\"331\">Ana Valero Vigo<\/td>\n<\/tr>\n<tr>\n<td width=\"198\">V. Virgen<\/td>\n<td width=\"331\">Juan Luis Prados Caballero<\/td>\n<\/tr>\n<tr>\n<td width=\"198\">V. San Juan<\/td>\n<td width=\"331\">In\u00e9s Mar\u00eda Aguilera Ordo\u00f1ez<\/td>\n<\/tr>\n<tr>\n<td width=\"198\">Vocal Teniente HM 2\u00ba<\/td>\n<td width=\"331\">Antonio Tof\u00e9 Montoro<\/td>\n<\/tr>\n<tr>\n<td width=\"198\">Vocal Auxiliar Secretar\u00eda<\/td>\n<td width=\"331\">Francisco M\u00e9rida S\u00e1nchez<\/td>\n<\/tr>\n<tr>\n<td width=\"198\">Vocal Auxiliar Tesor\u00eda<\/td>\n<td width=\"331\">David Tarrias Exp\u00f3sito<\/td>\n<\/tr>\n<tr>\n<td width=\"198\">Vocal de Festejos<\/td>\n<td width=\"331\">Francisco Manuel Onieva Serrano<\/td>\n<\/tr>\n<\/tbody>\n<\/table>\n<p>Que Ntro. Padre Jes\u00fas Nazareno, Mar\u00eda Stma. de los Dolores Nazarena y San Juan Evangelista les gu\u00eden e iluminen en esta nueva etapa, para dirigir a la Cofrad\u00eda y Hermandad durante los pr\u00f3ximos cuatro a\u00f1os.<\/p>\n<\/div><\/div><\/div><\/div><div class=\"et_pb_row_1 et_pb_row et_pb_gutters3 et_block_row\"><div class=\"et_pb_column_1 et_pb_column et_pb_column_4_4 et-last-child et_block_column et_pb_css_mix_blend_mode_passthrough\"><div class=\"et_pb_gallery_0 et_pb_gallery et_pb_bg_layout_light et_pb_gallery_grid et_pb_module\" data-auto-rotate=\"off\" data-auto-rotate-speed=\"\"><div class=\"et_pb_gallery_items et_post_gallery clearfix et_block_module\" data-per_page=\"4\"><div class=\"et_pb_gallery_item et_pb_grid_item et_pb_gallery_item_0_0\"><div class=\"et_pb_gallery_image landscape\" data-per_page=\"4\"><a href=\"https:\/\/www.jesusnazareno.com\/425\/wp-content\/uploads\/2022\/02\/toma_posesion-8.jpeg\" title=\"toma_posesion (8)\"><img loading=\"lazy\" decoding=\"async\" width=\"400\" height=\"284\" src=\"https:\/\/www.jesusnazareno.com\/425\/wp-content\/uploads\/2022\/02\/toma_posesion-8-400x284.jpeg\" alt=\"\" class=\"wp-image-54705\" srcset=\"https:\/\/www.jesusnazareno.com\/425\/wp-content\/uploads\/2022\/02\/toma_posesion-8.jpeg 479w, https:\/\/www.jesusnazareno.com\/425\/wp-content\/uploads\/2022\/02\/toma_posesion-8-400x284.jpeg 480w\" sizes=\"(max-width:479px) 479px, 100vw\" \/><span class=\"et_overlay\" data-icon=\"\" data-icon-tablet=\"\" data-icon-phone=\"\"><\/span><\/a><\/div><\/div><div class=\"et_pb_gallery_item et_pb_grid_item et_pb_gallery_item_0_1\"><div class=\"et_pb_gallery_image landscape\" data-per_page=\"4\"><a href=\"https:\/\/www.jesusnazareno.com\/425\/wp-content\/uploads\/2022\/02\/toma_posesion-9.jpg\" title=\"toma_posesion-(9)\"><img loading=\"lazy\" decoding=\"async\" width=\"400\" height=\"284\" src=\"https:\/\/www.jesusnazareno.com\/425\/wp-content\/uploads\/2022\/02\/toma_posesion-9-400x284.jpg\" alt=\"\" class=\"wp-image-54709\" srcset=\"https:\/\/www.jesusnazareno.com\/425\/wp-content\/uploads\/2022\/02\/toma_posesion-9.jpg 479w, https:\/\/www.jesusnazareno.com\/425\/wp-content\/uploads\/2022\/02\/toma_posesion-9-400x284.jpg 480w\" sizes=\"(max-width:479px) 479px, 100vw\" \/><span class=\"et_overlay\" data-icon=\"\" data-icon-tablet=\"\" data-icon-phone=\"\"><\/span><\/a><\/div><\/div><div class=\"et_pb_gallery_item et_pb_grid_item et_pb_gallery_item_0_2\"><div class=\"et_pb_gallery_image landscape\" data-per_page=\"4\"><a href=\"https:\/\/www.jesusnazareno.com\/425\/wp-content\/uploads\/2022\/02\/toma_posesion-2.jpeg\" title=\"toma_posesion (2)\"><img loading=\"lazy\" decoding=\"async\" width=\"400\" height=\"284\" src=\"https:\/\/www.jesusnazareno.com\/425\/wp-content\/uploads\/2022\/02\/toma_posesion-2-400x284.jpeg\" alt=\"\" class=\"wp-image-54700\" srcset=\"https:\/\/www.jesusnazareno.com\/425\/wp-content\/uploads\/2022\/02\/toma_posesion-2.jpeg 479w, https:\/\/www.jesusnazareno.com\/425\/wp-content\/uploads\/2022\/02\/toma_posesion-2-400x284.jpeg 480w\" sizes=\"(max-width:479px) 479px, 100vw\" \/><span class=\"et_overlay\" data-icon=\"\" data-icon-tablet=\"\" data-icon-phone=\"\"><\/span><\/a><\/div><\/div><div class=\"et_pb_gallery_item et_pb_grid_item et_pb_gallery_item_0_3\"><div class=\"et_pb_gallery_image landscape\" data-per_page=\"4\"><a href=\"https:\/\/www.jesusnazareno.com\/425\/wp-content\/uploads\/2022\/02\/toma_posesion-1.jpeg\" title=\"toma_posesion (1)\"><img loading=\"lazy\" decoding=\"async\" width=\"400\" height=\"284\" src=\"https:\/\/www.jesusnazareno.com\/425\/wp-content\/uploads\/2022\/02\/toma_posesion-1-400x284.jpeg\" alt=\"\" class=\"wp-image-54699\" srcset=\"https:\/\/www.jesusnazareno.com\/425\/wp-content\/uploads\/2022\/02\/toma_posesion-1.jpeg 479w, https:\/\/www.jesusnazareno.com\/425\/wp-content\/uploads\/2022\/02\/toma_posesion-1-400x284.jpeg 480w\" sizes=\"(max-width:479px) 479px, 100vw\" \/><span class=\"et_overlay\" data-icon=\"\" data-icon-tablet=\"\" data-icon-phone=\"\"><\/span><\/a><\/div><\/div><div class=\"et_pb_gallery_item et_pb_grid_item et_pb_gallery_item_0_4\"><div class=\"et_pb_gallery_image landscape\" data-per_page=\"4\"><a href=\"https:\/\/www.jesusnazareno.com\/425\/wp-content\/uploads\/2022\/02\/toma_posesion-10.jpg\" title=\"toma_posesion-(10)\"><img loading=\"lazy\" decoding=\"async\" width=\"400\" height=\"284\" src=\"https:\/\/www.jesusnazareno.com\/425\/wp-content\/uploads\/2022\/02\/toma_posesion-10-400x284.jpg\" alt=\"\" class=\"wp-image-54710\" srcset=\"https:\/\/www.jesusnazareno.com\/425\/wp-content\/uploads\/2022\/02\/toma_posesion-10.jpg 479w, https:\/\/www.jesusnazareno.com\/425\/wp-content\/uploads\/2022\/02\/toma_posesion-10-400x284.jpg 480w\" sizes=\"(max-width:479px) 479px, 100vw\" \/><span class=\"et_overlay\" data-icon=\"\" data-icon-tablet=\"\" data-icon-phone=\"\"><\/span><\/a><\/div><\/div><div class=\"et_pb_gallery_item et_pb_grid_item et_pb_gallery_item_0_5\"><div class=\"et_pb_gallery_image landscape\" data-per_page=\"4\"><a href=\"https:\/\/www.jesusnazareno.com\/425\/wp-content\/uploads\/2022\/02\/toma_posesion-5.jpeg\" title=\"toma_posesion (5)\"><img loading=\"lazy\" decoding=\"async\" width=\"400\" height=\"284\" src=\"https:\/\/www.jesusnazareno.com\/425\/wp-content\/uploads\/2022\/02\/toma_posesion-5-400x284.jpeg\" alt=\"\" class=\"wp-image-54703\" srcset=\"https:\/\/www.jesusnazareno.com\/425\/wp-content\/uploads\/2022\/02\/toma_posesion-5.jpeg 479w, https:\/\/www.jesusnazareno.com\/425\/wp-content\/uploads\/2022\/02\/toma_posesion-5-400x284.jpeg 480w\" sizes=\"(max-width:479px) 479px, 100vw\" \/><span class=\"et_overlay\" data-icon=\"\" data-icon-tablet=\"\" data-icon-phone=\"\"><\/span><\/a><\/div><\/div><div class=\"et_pb_gallery_item et_pb_grid_item et_pb_gallery_item_0_6\"><div class=\"et_pb_gallery_image landscape\" data-per_page=\"4\"><a href=\"https:\/\/www.jesusnazareno.com\/425\/wp-content\/uploads\/2022\/02\/toma_posesion-3.jpeg\" title=\"toma_posesion (3)\"><img loading=\"lazy\" decoding=\"async\" width=\"400\" height=\"284\" src=\"https:\/\/www.jesusnazareno.com\/425\/wp-content\/uploads\/2022\/02\/toma_posesion-3-400x284.jpeg\" alt=\"\" class=\"wp-image-54701\" srcset=\"https:\/\/www.jesusnazareno.com\/425\/wp-content\/uploads\/2022\/02\/toma_posesion-3.jpeg 479w, https:\/\/www.jesusnazareno.com\/425\/wp-content\/uploads\/2022\/02\/toma_posesion-3-400x284.jpeg 480w\" sizes=\"(max-width:479px) 479px, 100vw\" \/><span class=\"et_overlay\" data-icon=\"\" data-icon-tablet=\"\" data-icon-phone=\"\"><\/span><\/a><\/div><\/div><div class=\"et_pb_gallery_item et_pb_grid_item et_pb_gallery_item_0_7\"><div class=\"et_pb_gallery_image landscape\" data-per_page=\"4\"><a href=\"https:\/\/www.jesusnazareno.com\/425\/wp-content\/uploads\/2022\/02\/toma_posesion-6.jpeg\" title=\"toma_posesion (6)\"><img loading=\"lazy\" decoding=\"async\" width=\"400\" height=\"284\" src=\"https:\/\/www.jesusnazareno.com\/425\/wp-content\/uploads\/2022\/02\/toma_posesion-6-400x284.jpeg\" alt=\"\" class=\"wp-image-54704\" srcset=\"https:\/\/www.jesusnazareno.com\/425\/wp-content\/uploads\/2022\/02\/toma_posesion-6.jpeg 479w, https:\/\/www.jesusnazareno.com\/425\/wp-content\/uploads\/2022\/02\/toma_posesion-6-400x284.jpeg 480w\" sizes=\"(max-width:479px) 479px, 100vw\" \/><span class=\"et_overlay\" data-icon=\"\" data-icon-tablet=\"\" data-icon-phone=\"\"><\/span><\/a><\/div><\/div><div class=\"et_pb_gallery_item et_pb_grid_item et_pb_gallery_item_0_8\"><div class=\"et_pb_gallery_image landscape\" data-per_page=\"4\"><a href=\"https:\/\/www.jesusnazareno.com\/425\/wp-content\/uploads\/2022\/02\/toma_posesion-11.jpg\" title=\"toma_posesion-(11)\"><img loading=\"lazy\" decoding=\"async\" width=\"400\" height=\"284\" src=\"https:\/\/www.jesusnazareno.com\/425\/wp-content\/uploads\/2022\/02\/toma_posesion-11-400x284.jpg\" alt=\"\" class=\"wp-image-54711\" srcset=\"https:\/\/www.jesusnazareno.com\/425\/wp-content\/uploads\/2022\/02\/toma_posesion-11.jpg 479w, https:\/\/www.jesusnazareno.com\/425\/wp-content\/uploads\/2022\/02\/toma_posesion-11-400x284.jpg 480w\" sizes=\"(max-width:479px) 479px, 100vw\" \/><span class=\"et_overlay\" data-icon=\"\" data-icon-tablet=\"\" data-icon-phone=\"\"><\/span><\/a><\/div><\/div><\/div><div class=\"et_pb_gallery_pagination\"><\/div><\/div><\/div><\/div><\/div>","protected":false},"excerpt":{"rendered":"","protected":false},"author":1,"featured_media":54699,"comment_status":"open","ping_status":"closed","sticky":false,"template":"","format":"standard","meta":{"footnotes":""},"categories":[60,5,13],"tags":[],"class_list":["post-54647","post","type-post","status-publish","format-standard","has-post-thumbnail","hentry","category-cultos","category-general","category-noticias-de-hermandad"],"_links":{"self":[{"href":"https:\/\/www.jesusnazareno.com\/425\/wp-json\/wp\/v2\/posts\/54647","targetHints":{"allow":["GET"]}}],"collection":[{"href":"https:\/\/www.jesusnazareno.com\/425\/wp-json\/wp\/v2\/posts"}],"about":[{"href":"https:\/\/www.jesusnazareno.com\/425\/wp-json\/wp\/v2\/types\/post"}],"author":[{"embeddable":true,"href":"https:\/\/www.jesusnazareno.com\/425\/wp-json\/wp\/v2\/users\/1"}],"replies":[{"embeddable":true,"href":"https:\/\/www.jesusnazareno.com\/425\/wp-json\/wp\/v2\/comments?post=54647"}],"version-history":[{"count":18,"href":"https:\/\/www.jesusnazareno.com\/425\/wp-json\/wp\/v2\/posts\/54647\/revisions"}],"predecessor-version":[{"id":55202,"href":"https:\/\/www.jesusnazareno.com\/425\/wp-json\/wp\/v2\/posts\/54647\/revisions\/55202"}],"wp:featuredmedia":[{"embeddable":true,"href":"https:\/\/www.jesusnazareno.com\/425\/wp-json\/wp\/v2\/media\/54699"}],"wp:attachment":[{"href":"https:\/\/www.jesusnazareno.com\/425\/wp-json\/wp\/v2\/media?parent=54647"}],"wp:term":[{"taxonomy":"category","embeddable":true,"href":"https:\/\/www.jesusnazareno.com\/425\/wp-json\/wp\/v2\/categories?post=54647"},{"taxonomy":"post_tag","embeddable":true,"href":"https:\/\/www.jesusnazareno.com\/425\/wp-json\/wp\/v2\/tags?post=54647"}],"curies":[{"name":"wp","href":"https:\/\/api.w.org\/{rel}","templated":true}]}}