{"id":54889,"date":"2023-03-28T19:49:33","date_gmt":"2023-03-28T17:49:33","guid":{"rendered":"https:\/\/www.jesusnazareno.com\/425\/?p=54889"},"modified":"2025-12-02T13:44:43","modified_gmt":"2025-12-02T12:44:43","slug":"solemne-quinario-en-honor-a-maria-santisima-de-los-dolores-nazarena","status":"publish","type":"post","link":"https:\/\/www.jesusnazareno.com\/425\/solemne-quinario-en-honor-a-maria-santisima-de-los-dolores-nazarena\/","title":{"rendered":"Solemne Quinario en Honor a Mar\u00eda Sant\u00edsima de los Dolores Nazarena"},"content":{"rendered":"<div class=\"et_pb_section_0 et_pb_section et_section_regular et_block_section\"><div class=\"et_pb_row_0 et_pb_row et_pb_gutters3 et_block_row\"><div class=\"et_pb_column_0 et_pb_column et_pb_column_1_2 et_block_column et_pb_css_mix_blend_mode_passthrough\"><div class=\"et_pb_image_0 et_pb_image et_pb_module et_flex_module\"><span class=\"et_pb_image_wrap\"><img loading=\"lazy\" decoding=\"async\" src=\"https:\/\/www.jesusnazareno.com\/425\/wp-content\/uploads\/2023\/03\/337349113_198750052851993_460112127574329797_n.jpg\" title=\"337349113_198750052851993_460112127574329797_n\" width=\"1422\" height=\"2048\" srcset=\"https:\/\/www.jesusnazareno.com\/425\/wp-content\/uploads\/2023\/03\/337349113_198750052851993_460112127574329797_n.jpg 1422w, https:\/\/www.jesusnazareno.com\/425\/wp-content\/uploads\/2023\/03\/337349113_198750052851993_460112127574329797_n-1280x1843.jpg 1280w, https:\/\/www.jesusnazareno.com\/425\/wp-content\/uploads\/2023\/03\/337349113_198750052851993_460112127574329797_n-980x1411.jpg 980w, https:\/\/www.jesusnazareno.com\/425\/wp-content\/uploads\/2023\/03\/337349113_198750052851993_460112127574329797_n-480x691.jpg 480w\" sizes=\"(min-width: 0px) and (max-width: 480px) 480px, (min-width: 481px) and (max-width: 980px) 980px, (min-width: 981px) and (max-width: 1280px) 1280px, (min-width: 1281px) 1422px, 100vw\" class=\"wp-image-54892\" \/><\/span><\/div><\/div><div class=\"et_pb_column_1 et_pb_column et_pb_column_1_2 et-last-child et_block_column et_pb_css_mix_blend_mode_passthrough\"><div class=\"et_pb_text_0 et_pb_text et_pb_bg_layout_light et_pb_module et_flex_module\"><div class=\"et_pb_text_inner\"><p>Celebraci\u00f3n de su Solemne Quinario en Honor a Nuestro venerado Titular <strong>Mar\u00eda Sant\u00edsima de los Dolores Nazarena<\/strong> del d\u00eda<strong> 27 al 31\u00a0 <\/strong>de marzo, comenzando a las <strong>7,30h de la tarde<\/strong> en la <strong>capilla de nuestra Hermandad y Cofrad\u00eda en la Iglesia de San Francisco.<\/strong><\/p>\n<p>Con el siguiente orden de cultos:<\/p>\n<p>Exposici\u00f3n Mayor del Sant\u00edsimo Sacramento, rezo del Santo Rosario y Santa Misa.<\/p>\n<p><strong>Viernes de Dolores <\/strong>31 de marzo <strong>Solemne Eucarist\u00eda.<br \/><\/strong>A continuaci\u00f3n acto de Oraci\u00f3n &#8211; Veneraci\u00f3n a <strong>Mar\u00eda Sant\u00edsima de los Dolores Nazarena.\u00a0<\/strong><\/p>\n<p>Intervienen: <strong>Capilla Musical \u00abLa Madrug\u00e1\u00bb, Banda de C.C.T.T \u00abLos Turutas\u00bb, Banda de Tambores de la Virgen y Chaquetillas Color\u00e1s.<\/strong><\/p>\n<\/div><\/div><\/div><\/div><\/div>","protected":false},"excerpt":{"rendered":"","protected":false},"author":1,"featured_media":54896,"comment_status":"open","ping_status":"closed","sticky":false,"template":"","format":"standard","meta":{"footnotes":""},"categories":[52,60,17],"tags":[],"class_list":["post-54889","post","type-post","status-publish","format-standard","has-post-thumbnail","hentry","category-cuaresma","category-cultos","category-semana-santa"],"_links":{"self":[{"href":"https:\/\/www.jesusnazareno.com\/425\/wp-json\/wp\/v2\/posts\/54889","targetHints":{"allow":["GET"]}}],"collection":[{"href":"https:\/\/www.jesusnazareno.com\/425\/wp-json\/wp\/v2\/posts"}],"about":[{"href":"https:\/\/www.jesusnazareno.com\/425\/wp-json\/wp\/v2\/types\/post"}],"author":[{"embeddable":true,"href":"https:\/\/www.jesusnazareno.com\/425\/wp-json\/wp\/v2\/users\/1"}],"replies":[{"embeddable":true,"href":"https:\/\/www.jesusnazareno.com\/425\/wp-json\/wp\/v2\/comments?post=54889"}],"version-history":[{"count":6,"href":"https:\/\/www.jesusnazareno.com\/425\/wp-json\/wp\/v2\/posts\/54889\/revisions"}],"predecessor-version":[{"id":55209,"href":"https:\/\/www.jesusnazareno.com\/425\/wp-json\/wp\/v2\/posts\/54889\/revisions\/55209"}],"wp:featuredmedia":[{"embeddable":true,"href":"https:\/\/www.jesusnazareno.com\/425\/wp-json\/wp\/v2\/media\/54896"}],"wp:attachment":[{"href":"https:\/\/www.jesusnazareno.com\/425\/wp-json\/wp\/v2\/media?parent=54889"}],"wp:term":[{"taxonomy":"category","embeddable":true,"href":"https:\/\/www.jesusnazareno.com\/425\/wp-json\/wp\/v2\/categories?post=54889"},{"taxonomy":"post_tag","embeddable":true,"href":"https:\/\/www.jesusnazareno.com\/425\/wp-json\/wp\/v2\/tags?post=54889"}],"curies":[{"name":"wp","href":"https:\/\/api.w.org\/{rel}","templated":true}]}}