{"id":55402,"date":"2026-02-06T09:57:55","date_gmt":"2026-02-06T08:57:55","guid":{"rendered":"https:\/\/www.jesusnazareno.com\/425\/?p=55402"},"modified":"2026-03-06T09:59:44","modified_gmt":"2026-03-06T08:59:44","slug":"quinario-en-honor-a-ntro-padre-jesus-nazareno-cuaresma-2026","status":"publish","type":"post","link":"https:\/\/www.jesusnazareno.com\/425\/quinario-en-honor-a-ntro-padre-jesus-nazareno-cuaresma-2026\/","title":{"rendered":"Quinario en Honor a Ntro. Padre Jes\u00fas Nazareno. Cuaresma 2026."},"content":{"rendered":"<div class=\"et_pb_section_0 et_pb_section et_section_regular et_block_section\">\n<div class=\"et_pb_row_0 et_pb_row et_flex_row\">\n<div class=\"et_pb_column_0 et_pb_column et-last-child et_flex_column et_pb_css_mix_blend_mode_passthrough et_flex_column_24_24 et_flex_column_24_24_tablet et_flex_column_24_24_phone\">\n<div class=\"et_pb_text_0 et_pb_text et_pb_bg_layout_light et_pb_module et_flex_module\"><div class=\"et_pb_text_inner\"><p>Celebraci\u00f3n Solemne Quinario en Honor a Nuestro Padre<span>\u00a0<\/span><strong>Jes\u00fas Nazareno<\/strong><span>\u00a0<\/span>los<span>\u00a0<\/span><strong>viernes 20 y 27 de febrero, 6, 13, y 20<\/strong><span>\u00a0<\/span>de marzo, comenzando a las<span>\u00a0<\/span><strong>7,30h de la tarde<\/strong><span>\u00a0<\/span>en la<span>\u00a0<\/span><strong>capilla de nuestra Cofrad\u00eda y Hermandad en la Iglesia de San Francisco.<\/strong><\/p>\n<p>Con el siguiente orden de cultos:<\/p>\n<p>Exposici\u00f3n Mayor del Sant\u00edsimo Sacramento, rezo del Santo Rosario y Santa Misa.<\/p>\n<p>Al t\u00e9rmino del \u00faltimo d\u00eda de Quinario,<span>\u00a0<\/span><em>20 de marzo<\/em>, se har\u00e1 el juramento de nuevos<span>\u00a0<\/span><em>Hermanos Oficiales<\/em>, en la misma<span>\u00a0<\/span><strong>Capilla de Nuestro Padre Jes\u00fas Nazareno<\/strong>.<\/p>\n<p>&nbsp;<\/p>\n<\/div><\/div>\n<\/div>\n<\/div>\n\n<div class=\"et_pb_row_1 et_pb_row et_flex_row\">\n<div class=\"et_pb_column_1 et_pb_column et-last-child et_flex_column et_pb_css_mix_blend_mode_passthrough et_flex_column_24_24\">\n<div class=\"et_pb_image_0 et_pb_image et_pb_module et_flex_module\"><span class=\"et_pb_image_wrap\"><img loading=\"lazy\" decoding=\"async\" src=\"https:\/\/www.jesusnazareno.com\/425\/wp-content\/uploads\/2026\/03\/Orla-Quinario-Jesus-2026.jpg\" width=\"800\" height=\"1132\" srcset=\"https:\/\/www.jesusnazareno.com\/425\/wp-content\/uploads\/2026\/03\/Orla-Quinario-Jesus-2026.jpg 800w, https:\/\/www.jesusnazareno.com\/425\/wp-content\/uploads\/2026\/03\/Orla-Quinario-Jesus-2026-480x679.jpg 480w\" sizes=\"(min-width: 0px) and (max-width: 480px) 480px, (min-width: 481px) 800px, 100vw\" class=\"wp-image-55405\" \/><\/span><\/div>\n<\/div>\n<\/div>\n<\/div>","protected":false},"excerpt":{"rendered":"","protected":false},"author":1,"featured_media":55404,"comment_status":"open","ping_status":"closed","sticky":false,"template":"","format":"standard","meta":{"footnotes":""},"categories":[52,60,17],"tags":[],"class_list":["post-55402","post","type-post","status-publish","format-standard","has-post-thumbnail","hentry","category-cuaresma","category-cultos","category-semana-santa"],"_links":{"self":[{"href":"https:\/\/www.jesusnazareno.com\/425\/wp-json\/wp\/v2\/posts\/55402","targetHints":{"allow":["GET"]}}],"collection":[{"href":"https:\/\/www.jesusnazareno.com\/425\/wp-json\/wp\/v2\/posts"}],"about":[{"href":"https:\/\/www.jesusnazareno.com\/425\/wp-json\/wp\/v2\/types\/post"}],"author":[{"embeddable":true,"href":"https:\/\/www.jesusnazareno.com\/425\/wp-json\/wp\/v2\/users\/1"}],"replies":[{"embeddable":true,"href":"https:\/\/www.jesusnazareno.com\/425\/wp-json\/wp\/v2\/comments?post=55402"}],"version-history":[{"count":11,"href":"https:\/\/www.jesusnazareno.com\/425\/wp-json\/wp\/v2\/posts\/55402\/revisions"}],"predecessor-version":[{"id":55421,"href":"https:\/\/www.jesusnazareno.com\/425\/wp-json\/wp\/v2\/posts\/55402\/revisions\/55421"}],"wp:featuredmedia":[{"embeddable":true,"href":"https:\/\/www.jesusnazareno.com\/425\/wp-json\/wp\/v2\/media\/55404"}],"wp:attachment":[{"href":"https:\/\/www.jesusnazareno.com\/425\/wp-json\/wp\/v2\/media?parent=55402"}],"wp:term":[{"taxonomy":"category","embeddable":true,"href":"https:\/\/www.jesusnazareno.com\/425\/wp-json\/wp\/v2\/categories?post=55402"},{"taxonomy":"post_tag","embeddable":true,"href":"https:\/\/www.jesusnazareno.com\/425\/wp-json\/wp\/v2\/tags?post=55402"}],"curies":[{"name":"wp","href":"https:\/\/api.w.org\/{rel}","templated":true}]}}